{"id":10112,"date":"2023-09-26T10:56:50","date_gmt":"2023-09-26T15:56:50","guid":{"rendered":"http:\/\/localhost\/vpa\/?p=10112"},"modified":"2023-09-26T15:29:17","modified_gmt":"2023-09-26T20:29:17","slug":"chef-cordon-bleu-realiza-sesion-nutricional-a-300-madres-del-vaso-de-leche","status":"publish","type":"post","link":"https:\/\/unat.edu.pe\/defensoria\/chef-cordon-bleu-realiza-sesion-nutricional-a-300-madres-del-vaso-de-leche\/","title":{"rendered":"Chef CORD\u00d3N BLEU realiza sesi\u00f3n nutricional a 300 madres del vaso de leche"},"content":{"rendered":"<p>CHEF DE LA UNIVERSIDAD LE CORD\u00d3N BLEU REALIZA SESI\u00d3N NUTRICIONAL A 300 MADRES DEL VASO DE LECHE DE DANIEL HERNP\u00c1NDEZ:<\/p>\n<p style=\"text-align: justify;\">En m\u00e9rito al convenio con la UNAT para desarrollar responsabilidad social en la provincia de Tayacaja.<br \/>\nEl docente y chef de la Universidad Le Cord\u00f3n Bleu de Lima, Fernando Or\u00e9 Lund, acompa\u00f1ado de dos estudiantes del \u00faltimo ciclo, desarrollaron sesiones demostrativas nutricionales a unas 300 mujeres agrupadas al Programa de Vaso de Leche (PVL) del distrito de Daniel Hern\u00e1ndez, el objetivo fue ense\u00f1arles a preparar platillos nutritivos con productos de la zona, buscando reducir los \u00edndices de anemia y otras enfermedades en los ni\u00f1os de Tayacaja.<br \/>\nLa sesi\u00f3n demostrativa se desarroll\u00f3 en la Plaza Principal de Daniel Hern\u00e1ndez en presencia de las autoridades universitarias y personal de la municipalidad hernandina, para ello, los chefs elaboraron una receta a base de leche, carne de pollo, quinua y otros ingredientes de la zona, que fue degustado por las mujeres y sus menores hijos.<br \/>\nCabe indicar que este evento se dio gracias a la iniciativa de la direcci\u00f3n de Responsabilidad Social Universitaria (RRS) de la UNAT, que durante estos dos \u00faltimos a\u00f1os; y gracias al convenio que existe entre Le Cord\u00f3n Bleu y la UNAT realizan eventos similares en diversos poblados de Tayacaja.<\/p>\n","protected":false},"excerpt":{"rendered":"<p>CHEF DE LA UNIVERSIDAD LE CORD\u00d3N BLEU REALIZA SESI\u00d3N NUTRICIONAL A 300 MADRES DEL VASO DE LECHE DE DANIEL HERNP\u00c1NDEZ: En m\u00e9rito al convenio con la UNAT para desarrollar responsabilidad social en la provincia de Tayacaja. El docente y chef de la Universidad Le Cord\u00f3n Bleu de Lima, Fernando Or\u00e9 Lund, acompa\u00f1ado de dos estudiantes [&hellip;]<\/p>\n","protected":false},"author":1,"featured_media":10113,"comment_status":"open","ping_status":"open","sticky":false,"template":"elementor_header_footer","format":"standard","meta":{"two_page_speed":[],"footnotes":""},"categories":[1],"tags":[27],"class_list":["post-10112","post","type-post","status-publish","format-standard","has-post-thumbnail","hentry","category-noticias","tag-nutricion"],"_links":{"self":[{"href":"https:\/\/unat.edu.pe\/defensoria\/wp-json\/wp\/v2\/posts\/10112","targetHints":{"allow":["GET"]}}],"collection":[{"href":"https:\/\/unat.edu.pe\/defensoria\/wp-json\/wp\/v2\/posts"}],"about":[{"href":"https:\/\/unat.edu.pe\/defensoria\/wp-json\/wp\/v2\/types\/post"}],"author":[{"embeddable":true,"href":"https:\/\/unat.edu.pe\/defensoria\/wp-json\/wp\/v2\/users\/1"}],"replies":[{"embeddable":true,"href":"https:\/\/unat.edu.pe\/defensoria\/wp-json\/wp\/v2\/comments?post=10112"}],"version-history":[{"count":1,"href":"https:\/\/unat.edu.pe\/defensoria\/wp-json\/wp\/v2\/posts\/10112\/revisions"}],"predecessor-version":[{"id":10114,"href":"https:\/\/unat.edu.pe\/defensoria\/wp-json\/wp\/v2\/posts\/10112\/revisions\/10114"}],"wp:featuredmedia":[{"embeddable":true,"href":"https:\/\/unat.edu.pe\/defensoria\/wp-json\/wp\/v2\/media\/10113"}],"wp:attachment":[{"href":"https:\/\/unat.edu.pe\/defensoria\/wp-json\/wp\/v2\/media?parent=10112"}],"wp:term":[{"taxonomy":"category","embeddable":true,"href":"https:\/\/unat.edu.pe\/defensoria\/wp-json\/wp\/v2\/categories?post=10112"},{"taxonomy":"post_tag","embeddable":true,"href":"https:\/\/unat.edu.pe\/defensoria\/wp-json\/wp\/v2\/tags?post=10112"}],"curies":[{"name":"wp","href":"https:\/\/api.w.org\/{rel}","templated":true}]}}